{"id":1055,"date":"2026-03-13T11:04:02","date_gmt":"2026-03-13T11:04:02","guid":{"rendered":"https:\/\/jonsteinar.is\/?p=1055"},"modified":"2026-03-13T11:04:02","modified_gmt":"2026-03-13T11:04:02","slug":"david-oddsson","status":"publish","type":"post","link":"https:\/\/jonsteinar.is\/index.php\/2026\/03\/13\/david-oddsson\/","title":{"rendered":"Dav\u00ed\u00f0 Oddsson"},"content":{"rendered":"\n<p>Dav\u00ed\u00f0 Oddsson er l\u00e1tinn. Vi\u00f0 vorum vinir og samherjar lengst af \u00e1 stj\u00f3rnm\u00e1laferli hans sem borgarstj\u00f3ri \u00ed Reykjav\u00edk og fors\u00e6tisr\u00e1\u00f0herra, Hann s\u00fdndi sig \u00ed \u00feessum valdast\u00f6\u00f0um reyna a\u00f0 fylgja hugsj\u00f3num s\u00ednum \u00ed raun og veru, \u00fear sem frelsi, einkaframtak og \u00e1byrg\u00f0 voru megineinkennin. Hann beitti l\u00edtt \u00feeim a\u00f0fer\u00f0um flestra stj\u00f3rnm\u00e1lamanna a\u00f0 tala bara en gera ekki. \u00deannig n\u00e1\u00f0i hann \u00e1 valdat\u00edma s\u00ednum a\u00f0 setja efnismiki\u00f0 mark sitt \u00e1 framvindu \u00fej\u00f3\u00f0m\u00e1lanna \u00ed okkar litla landi. \u00dear var flest til b\u00f3ta og stendur \u00fej\u00f3\u00f0in \u00ed \u00feakkarskuld vi\u00f0 Dav\u00ed\u00f0 fyrir frams\u00fdni hans og viljann til a\u00f0 koma fram heilbrig\u00f0um breytingum \u00e1 \u00fej\u00f3\u00f0f\u00e9laginu. Me\u00f0an \u00e1 \u00feessu st\u00f3\u00f0 h\u00e9ldum vi\u00f0 g\u00f3\u00f0u og uppbyggilegu sambandi hvor vi\u00f0 annan. \u00c9g held a\u00f0 flestir \u00cdslendingar ver\u00f0i honum \u00feakkl\u00e1tir \u00ed framt\u00ed\u00f0inni fyrir \u00e6vistarfi\u00f0 sem hann skilur eftir sig.<\/p>\n\n\n\n<p>Blessu\u00f0 s\u00e9 minning Dav\u00ed\u00f0s Oddssonar.<\/p>\n\n\n\n<p><em>J\u00f3n Steinar Gunnlaugsson l\u00f6gfr\u00e6\u00f0ingur<\/em><\/p>\n\n\n\n<p><\/p>\n","protected":false},"excerpt":{"rendered":"<p>Dav\u00ed\u00f0 Oddsson er l\u00e1tinn. Vi\u00f0 vorum vinir og samherjar lengst af \u00e1 stj\u00f3rnm\u00e1laferli hans sem borgarstj\u00f3ri \u00ed Reykjav\u00edk og fors\u00e6tisr\u00e1\u00f0herra, Hann s\u00fdndi sig \u00ed \u00feessum valdast\u00f6\u00f0um reyna a\u00f0 fylgja hugsj\u00f3num s\u00ednum \u00ed raun og veru, \u00fear sem frelsi, einkaframtak og \u00e1byrg\u00f0 voru megineinkennin. Hann beitti l\u00edtt \u00feeim a\u00f0fer\u00f0um flestra stj\u00f3rnm\u00e1lamanna a\u00f0 tala bara en gera [&hellip;]<\/p>\n","protected":false},"author":1,"featured_media":0,"comment_status":"closed","ping_status":"closed","sticky":false,"template":"","format":"standard","meta":{"footnotes":""},"categories":[1],"tags":[],"class_list":["post-1055","post","type-post","status-publish","format-standard","hentry","category-uncategorized"],"_links":{"self":[{"href":"https:\/\/jonsteinar.is\/index.php\/wp-json\/wp\/v2\/posts\/1055","targetHints":{"allow":["GET"]}}],"collection":[{"href":"https:\/\/jonsteinar.is\/index.php\/wp-json\/wp\/v2\/posts"}],"about":[{"href":"https:\/\/jonsteinar.is\/index.php\/wp-json\/wp\/v2\/types\/post"}],"author":[{"embeddable":true,"href":"https:\/\/jonsteinar.is\/index.php\/wp-json\/wp\/v2\/users\/1"}],"replies":[{"embeddable":true,"href":"https:\/\/jonsteinar.is\/index.php\/wp-json\/wp\/v2\/comments?post=1055"}],"version-history":[{"count":1,"href":"https:\/\/jonsteinar.is\/index.php\/wp-json\/wp\/v2\/posts\/1055\/revisions"}],"predecessor-version":[{"id":1056,"href":"https:\/\/jonsteinar.is\/index.php\/wp-json\/wp\/v2\/posts\/1055\/revisions\/1056"}],"wp:attachment":[{"href":"https:\/\/jonsteinar.is\/index.php\/wp-json\/wp\/v2\/media?parent=1055"}],"wp:term":[{"taxonomy":"category","embeddable":true,"href":"https:\/\/jonsteinar.is\/index.php\/wp-json\/wp\/v2\/categories?post=1055"},{"taxonomy":"post_tag","embeddable":true,"href":"https:\/\/jonsteinar.is\/index.php\/wp-json\/wp\/v2\/tags?post=1055"}],"curies":[{"name":"wp","href":"https:\/\/api.w.org\/{rel}","templated":true}]}}